{"id":16912,"date":"2023-11-09T11:30:37","date_gmt":"2023-11-09T10:30:37","guid":{"rendered":"https:\/\/www.amerinotipico.it\/percorsi-alla-scoperta-di-amerino-tipico-passeggiata-ulivi-storici-rajo-degustazione\/"},"modified":"2025-02-10T10:23:52","modified_gmt":"2025-02-10T09:23:52","slug":"pathways-to-the-discovery-of-amerino-tipico-walk-through-the-centuries-old-olive-groves-of-rajo-with-tasting","status":"publish","type":"post","link":"https:\/\/www.amerinotipico.it\/en\/pathways-to-the-discovery-of-amerino-tipico-walk-through-the-centuries-old-olive-groves-of-rajo-with-tasting\/","title":{"rendered":"Pathways to the Discovery of Amerino Tipico: Walk through the centuries-old olive groves of Rajo with tasting"},"content":{"rendered":"\t\t<div data-elementor-type=\"wp-post\" data-elementor-id=\"16912\" class=\"elementor elementor-16912\" data-elementor-post-type=\"post\">\n\t\t\t\t\t\t<section class=\"elementor-section elementor-top-section elementor-element elementor-element-409b935 elementor-section-boxed elementor-section-gap-beside-yes elementor-section-height-default elementor-section-height-default elementor-section-column-vertical-align-stretch\" data-id=\"409b935\" data-element_type=\"section\">\n\t\t\t\t\t\t<div class=\"elementor-container elementor-column-gap-extended\">\n\t\t\t\t\t<div class=\"elementor-column elementor-col-100 elementor-top-column elementor-element elementor-element-30d0692\" data-id=\"30d0692\" data-element_type=\"column\">\n\t\t\t<div class=\"elementor-widget-wrap elementor-element-populated\">\n\t\t\t\t\t\t<div class=\"elementor-element elementor-element-5e98222 elementor-widget elementor-widget-text-editor\" data-id=\"5e98222\" data-element_type=\"widget\" data-widget_type=\"text-editor.default\">\n\t\t\t\t<div class=\"elementor-widget-container\">\n\t\t\t\t\t\t\t<h1 style=\"font-weight: bold; color: #a4421d; font-size: 33px; letter-spacing: normal;\">WALK AMONG THE ANCIENT OLIVE TREES OF RAJO WITH TASTING AT MONTECAMPANO<\/h1>\t\t\t\t\t\t<\/div>\n\t\t\t\t<\/div>\n\t\t\t\t<div class=\"elementor-element elementor-element-68d3814 elementor-widget elementor-widget-text-editor\" data-id=\"68d3814\" data-element_type=\"widget\" data-widget_type=\"text-editor.default\">\n\t\t\t\t<div class=\"elementor-widget-container\">\n\t\t\t\t\t\t\t<p>On Sunday, Nov. 19, during Frantoi Aperti Umbria, we will have the opportunity to stroll along one of the most evocative routes of the Amerino area: with the <b><strong>Walk among<\/strong><\/b><strong> the centuries-old olive trees of<\/strong> <b><strong>Rajo<\/strong><\/b>, it will be possible to discover these centuries-old, native olive trees among the hills of the beautiful Montecampano and, in this hamlet of Amelia, enjoy a free tasting of our project <b><strong>Pathways to the discovery of the Amerino Tipico taste<\/strong><\/b>.<\/p>\t\t\t\t\t\t<\/div>\n\t\t\t\t<\/div>\n\t\t\t\t<div class=\"elementor-element elementor-element-1087cc8 elementor-widget elementor-widget-text-editor\" data-id=\"1087cc8\" data-element_type=\"widget\" data-widget_type=\"text-editor.default\">\n\t\t\t\t<div class=\"elementor-widget-container\">\n\t\t\t\t\t\t\t<h2 style=\"letter-spacing: normal; margin-top: 40px !important; color: #a4421d !important; font-size: 30px !important;\">Paths to Discover the Typical Amerino Taste among Centuries-Old Olive Trees of Rajo in Montecampano di Amelia<\/h2>\t\t\t\t\t\t<\/div>\n\t\t\t\t<\/div>\n\t\t\t\t<div class=\"elementor-element elementor-element-c62fb44 elementor-widget elementor-widget-text-editor\" data-id=\"c62fb44\" data-element_type=\"widget\" data-widget_type=\"text-editor.default\">\n\t\t\t\t<div class=\"elementor-widget-container\">\n\t\t\t\t\t\t\t<p>We will start from the premises of the Pro Loco of Montecampano and then plunge into the hills around what was once a castle and, in a ring of 8 km of ups and downs with 280 mt. of elevation gain, delighting in the view of an area of unique naturalistic beauty.<\/p><p>The road will run along sections of the <a href=\"https:\/\/www.camminodigermanico.it\/\"><strong>Germanic Way<\/strong><\/a>, which, in eight splendid stages, crosses the entire territory of Amelia and its characteristic hamlets.<\/p>\t\t\t\t\t\t<\/div>\n\t\t\t\t<\/div>\n\t\t\t\t\t<\/div>\n\t\t<\/div>\n\t\t\t\t\t<\/div>\n\t\t<\/section>\n\t\t\t\t<section class=\"elementor-section elementor-top-section elementor-element elementor-element-bcc5e18 elementor-section-full_width elementor-section-stretched elementor-section-gap-beside-yes elementor-section-height-default elementor-section-height-default elementor-section-column-vertical-align-stretch\" data-id=\"bcc5e18\" data-element_type=\"section\" data-settings=\"{&quot;stretch_section&quot;:&quot;section-stretched&quot;}\">\n\t\t\t\t\t\t<div class=\"elementor-container elementor-column-gap-extended\">\n\t\t\t\t\t<div class=\"elementor-column elementor-col-100 elementor-top-column elementor-element elementor-element-e4b6be5\" data-id=\"e4b6be5\" data-element_type=\"column\">\n\t\t\t<div class=\"elementor-widget-wrap elementor-element-populated\">\n\t\t\t\t\t\t<div class=\"elementor-element elementor-element-1d2d2c8 elementor-arrows-position-inside elementor-widget elementor-widget-image-carousel\" data-id=\"1d2d2c8\" data-element_type=\"widget\" data-settings=\"{&quot;slides_to_show&quot;:&quot;4&quot;,&quot;navigation&quot;:&quot;arrows&quot;,&quot;image_spacing_custom&quot;:{&quot;unit&quot;:&quot;px&quot;,&quot;size&quot;:10,&quot;sizes&quot;:[]},&quot;autoplay&quot;:&quot;yes&quot;,&quot;pause_on_hover&quot;:&quot;yes&quot;,&quot;pause_on_interaction&quot;:&quot;yes&quot;,&quot;autoplay_speed&quot;:5000,&quot;infinite&quot;:&quot;yes&quot;,&quot;speed&quot;:500,&quot;image_spacing_custom_tablet&quot;:{&quot;unit&quot;:&quot;px&quot;,&quot;size&quot;:&quot;&quot;,&quot;sizes&quot;:[]},&quot;image_spacing_custom_mobile&quot;:{&quot;unit&quot;:&quot;px&quot;,&quot;size&quot;:&quot;&quot;,&quot;sizes&quot;:[]}}\" data-widget_type=\"image-carousel.default\">\n\t\t\t\t<div class=\"elementor-widget-container\">\n\t\t\t\t\t<div class=\"elementor-image-carousel-wrapper swiper-container\" dir=\"ltr\">\n\t\t\t<div class=\"elementor-image-carousel swiper-wrapper swiper-image-stretch\" aria-live=\"off\">\n\t\t\t\t\t\t\t\t<div class=\"swiper-slide\" role=\"group\" aria-roledescription=\"slide\" aria-label=\"1 of 4\"><a data-elementor-open-lightbox=\"yes\" data-elementor-lightbox-slideshow=\"1d2d2c8\" data-elementor-lightbox-title=\"campagna-intorno-a-montecampano\" data-e-action-hash=\"#elementor-action%3Aaction%3Dlightbox%26settings%3DeyJpZCI6MTY2NTEsInVybCI6Imh0dHBzOlwvXC93d3cuYW1lcmlub3RpcGljby5pdFwvd3AtY29udGVudFwvdXBsb2Fkc1wvMjAyM1wvMTFcL2NhbXBhZ25hLWludG9ybm8tYS1tb250ZWNhbXBhbm8uanBnIiwic2xpZGVzaG93IjoiMWQyZDJjOCJ9\" href=\"https:\/\/www.amerinotipico.it\/wp-content\/uploads\/2023\/11\/campagna-intorno-a-montecampano.jpg\"><figure class=\"swiper-slide-inner\"><img decoding=\"async\" class=\"swiper-slide-image\" src=\"https:\/\/www.amerinotipico.it\/wp-content\/uploads\/2023\/11\/campagna-intorno-a-montecampano.jpg\" alt=\"campagna-intorno-a-montecampano\" \/><\/figure><\/a><\/div><div class=\"swiper-slide\" role=\"group\" aria-roledescription=\"slide\" aria-label=\"2 of 4\"><a data-elementor-open-lightbox=\"yes\" data-elementor-lightbox-slideshow=\"1d2d2c8\" data-elementor-lightbox-title=\"centro-storico-montecampano\" data-e-action-hash=\"#elementor-action%3Aaction%3Dlightbox%26settings%3DeyJpZCI6MTY2NTMsInVybCI6Imh0dHBzOlwvXC93d3cuYW1lcmlub3RpcGljby5pdFwvd3AtY29udGVudFwvdXBsb2Fkc1wvMjAyM1wvMTFcL2NlbnRyby1zdG9yaWNvLW1vbnRlY2FtcGFuby5qcGciLCJzbGlkZXNob3ciOiIxZDJkMmM4In0%3D\" href=\"https:\/\/www.amerinotipico.it\/wp-content\/uploads\/2023\/11\/centro-storico-montecampano.jpg\"><figure class=\"swiper-slide-inner\"><img decoding=\"async\" class=\"swiper-slide-image\" src=\"https:\/\/www.amerinotipico.it\/wp-content\/uploads\/2023\/11\/centro-storico-montecampano.jpg\" alt=\"centro-storico-montecampano\" \/><\/figure><\/a><\/div><div class=\"swiper-slide\" role=\"group\" aria-roledescription=\"slide\" aria-label=\"3 of 4\"><a data-elementor-open-lightbox=\"yes\" data-elementor-lightbox-slideshow=\"1d2d2c8\" data-elementor-lightbox-title=\"uliveto-storico-del-rajo\" data-e-action-hash=\"#elementor-action%3Aaction%3Dlightbox%26settings%3DeyJpZCI6MTY2NTUsInVybCI6Imh0dHBzOlwvXC93d3cuYW1lcmlub3RpcGljby5pdFwvd3AtY29udGVudFwvdXBsb2Fkc1wvMjAyM1wvMTFcL3VsaXZldG8tc3Rvcmljby1kZWwtcmFqby5qcGciLCJzbGlkZXNob3ciOiIxZDJkMmM4In0%3D\" href=\"https:\/\/www.amerinotipico.it\/wp-content\/uploads\/2023\/11\/uliveto-storico-del-rajo.jpg\"><figure class=\"swiper-slide-inner\"><img decoding=\"async\" class=\"swiper-slide-image\" src=\"https:\/\/www.amerinotipico.it\/wp-content\/uploads\/2023\/11\/uliveto-storico-del-rajo.jpg\" alt=\"uliveto-storico-del-rajo\" \/><\/figure><\/a><\/div><div class=\"swiper-slide\" role=\"group\" aria-roledescription=\"slide\" aria-label=\"4 of 4\"><a data-elementor-open-lightbox=\"yes\" data-elementor-lightbox-slideshow=\"1d2d2c8\" data-elementor-lightbox-title=\"ulivo-rajo\" data-e-action-hash=\"#elementor-action%3Aaction%3Dlightbox%26settings%3DeyJpZCI6MTY2NTcsInVybCI6Imh0dHBzOlwvXC93d3cuYW1lcmlub3RpcGljby5pdFwvd3AtY29udGVudFwvdXBsb2Fkc1wvMjAyM1wvMTFcL3VsaXZvLXJham8uanBnIiwic2xpZGVzaG93IjoiMWQyZDJjOCJ9\" href=\"https:\/\/www.amerinotipico.it\/wp-content\/uploads\/2023\/11\/ulivo-rajo.jpg\"><figure class=\"swiper-slide-inner\"><img decoding=\"async\" class=\"swiper-slide-image\" src=\"https:\/\/www.amerinotipico.it\/wp-content\/uploads\/2023\/11\/ulivo-rajo.jpg\" alt=\"ulivo-rajo\" \/><\/figure><\/a><\/div>\t\t\t<\/div>\n\t\t\t\t\t\t\t\t\t\t\t\t<div class=\"elementor-swiper-button elementor-swiper-button-prev\" role=\"button\" tabindex=\"0\">\n\t\t\t\t\t\t<i aria-hidden=\"true\" class=\"eicon-chevron-left\"><\/i>\t\t\t\t\t<\/div>\n\t\t\t\t\t<div class=\"elementor-swiper-button elementor-swiper-button-next\" role=\"button\" tabindex=\"0\">\n\t\t\t\t\t\t<i aria-hidden=\"true\" class=\"eicon-chevron-right\"><\/i>\t\t\t\t\t<\/div>\n\t\t\t\t\n\t\t\t\t\t\t\t\t\t<\/div>\n\t\t\t\t<\/div>\n\t\t\t\t<\/div>\n\t\t\t\t\t<\/div>\n\t\t<\/div>\n\t\t\t\t\t<\/div>\n\t\t<\/section>\n\t\t\t\t<section class=\"elementor-section elementor-top-section elementor-element elementor-element-8affdee elementor-hidden-desktop elementor-hidden-tablet elementor-hidden-mobile elementor-section-boxed elementor-section-gap-beside-yes elementor-section-height-default elementor-section-height-default elementor-section-column-vertical-align-stretch\" data-id=\"8affdee\" data-element_type=\"section\">\n\t\t\t\t\t\t<div class=\"elementor-container elementor-column-gap-extended\">\n\t\t\t\t\t<div class=\"elementor-column elementor-col-100 elementor-top-column elementor-element elementor-element-7757560\" data-id=\"7757560\" data-element_type=\"column\">\n\t\t\t<div class=\"elementor-widget-wrap elementor-element-populated\">\n\t\t\t\t\t\t<div class=\"elementor-element elementor-element-71bc491 elementor-widget elementor-widget-text-editor\" data-id=\"71bc491\" data-element_type=\"widget\" data-widget_type=\"text-editor.default\">\n\t\t\t\t<div class=\"elementor-widget-container\">\n\t\t\t\t\t\t\t<h2>La degustazione a Montecampano<\/h2>\t\t\t\t\t\t<\/div>\n\t\t\t\t<\/div>\n\t\t\t\t<div class=\"elementor-element elementor-element-6bc0c0d elementor-widget elementor-widget-text-editor\" data-id=\"6bc0c0d\" data-element_type=\"widget\" data-widget_type=\"text-editor.default\">\n\t\t\t\t<div class=\"elementor-widget-container\">\n\t\t\t\t\t\t\t<p>Al ritorno, in collaborazione con la Pro Loco di Montecampano, organizzeremo una degustazione gratuita coi vini della <strong>Cantina Zanchi<\/strong>, i formaggi freschi e stagionati, gli insaccati e la porchetta dell\u2019<strong>Azienda Agricola Il Collicello<\/strong>; il miele della <strong>Societ\u00e0 Agricola Apodea<\/strong>; l\u2019Olio EVO dell\u2019<strong>Azienda Agricola Pagliari<\/strong>; i prodotti dell\u2019orto di <strong>Forme dell\u2019Anima<\/strong>; il vino e l\u2019olio EVO dell\u2019<strong>Azienda Agricola Fabiani<\/strong>.<br \/>L\u2019evento, promosso dal <strong>Comune di Amelia<\/strong> e finanziato dal <strong>GAL Ternano,<\/strong> \u00e8 il quarto appuntamento di promozione di eccellenze a filiera corta del territorio ed \u00e8 realizzato in un territorio che mostrer\u00e0 i frutti della natura che, grazie ad alcune delle aziende coinvolte, poi diventano prodotti di eccellenza a filiera corta<\/p>\t\t\t\t\t\t<\/div>\n\t\t\t\t<\/div>\n\t\t\t\t\t<\/div>\n\t\t<\/div>\n\t\t\t\t\t<\/div>\n\t\t<\/section>\n\t\t\t\t<section class=\"elementor-section elementor-top-section elementor-element elementor-element-ea8ee23 elementor-section-stretched elementor-section-boxed elementor-section-gap-beside-yes elementor-section-height-default elementor-section-height-default elementor-section-content-align-center elementor-section-column-vertical-align-stretch\" data-id=\"ea8ee23\" data-element_type=\"section\" data-settings=\"{&quot;stretch_section&quot;:&quot;section-stretched&quot;}\">\n\t\t\t\t\t\t<div class=\"elementor-container elementor-column-gap-extended\">\n\t\t\t\t\t<div class=\"elementor-column elementor-col-100 elementor-top-column elementor-element elementor-element-0dcaa8f\" data-id=\"0dcaa8f\" data-element_type=\"column\">\n\t\t\t<div class=\"elementor-widget-wrap elementor-element-populated\">\n\t\t\t\t\t\t<div class=\"elementor-element elementor-element-098f167 elementor-widget elementor-widget-image\" data-id=\"098f167\" data-element_type=\"widget\" data-widget_type=\"image.default\">\n\t\t\t\t<div class=\"elementor-widget-container\">\n\t\t\t\t\t\t\t\t\t\t\t\t\t<img fetchpriority=\"high\" decoding=\"async\" width=\"2000\" height=\"381\" src=\"https:\/\/www.amerinotipico.it\/wp-content\/uploads\/2023\/09\/striscia-loghi-gal.jpg\" class=\"attachment-full size-full wp-image-15710\" alt=\"\" srcset=\"https:\/\/www.amerinotipico.it\/wp-content\/uploads\/2023\/09\/striscia-loghi-gal.jpg 2000w, https:\/\/www.amerinotipico.it\/wp-content\/uploads\/2023\/09\/striscia-loghi-gal-300x57.jpg 300w, https:\/\/www.amerinotipico.it\/wp-content\/uploads\/2023\/09\/striscia-loghi-gal-1024x195.jpg 1024w, https:\/\/www.amerinotipico.it\/wp-content\/uploads\/2023\/09\/striscia-loghi-gal-768x146.jpg 768w, https:\/\/www.amerinotipico.it\/wp-content\/uploads\/2023\/09\/striscia-loghi-gal-1536x293.jpg 1536w, https:\/\/www.amerinotipico.it\/wp-content\/uploads\/2023\/09\/striscia-loghi-gal-600x114.jpg 600w\" sizes=\"(max-width: 2000px) 100vw, 2000px\" \/>\t\t\t\t\t\t\t\t\t\t\t\t\t<\/div>\n\t\t\t\t<\/div>\n\t\t\t\t<div class=\"elementor-element elementor-element-458d646 elementor-widget elementor-widget-text-editor\" data-id=\"458d646\" data-element_type=\"widget\" data-widget_type=\"text-editor.default\">\n\t\t\t\t<div class=\"elementor-widget-container\">\n\t\t\t\t\t\t\t<em>Piano di Azione Locale GAL Ternano Azione 19.2.1.8. \u201cAttivit\u00e0 promozionali a raggio locale connesse allo sviluppo delle filiere corte e dei mercati locali\u201d &#8211; annualit\u00e0 2023<\/em>\t\t\t\t\t\t<\/div>\n\t\t\t\t<\/div>\n\t\t\t\t\t<\/div>\n\t\t<\/div>\n\t\t\t\t\t<\/div>\n\t\t<\/section>\n\t\t\t\t<\/div>\n\t\t","protected":false},"excerpt":{"rendered":"<p>On Sunday, November 19, during Frantoi Aperti Umbria, we will have the opportunity to stroll along one of the most picturesque routes in the Amerino area: with the Walk among the historic olive trees of Rajo, it will be possible to discover these centuries-old, native olive trees among the hills of the beautiful Montecampano and, in this hamlet of Amelia, enjoy a free tasting of our project Pathways to the discovery of the Amerino Tipico taste.<\/p>\n","protected":false},"author":1,"featured_media":16725,"comment_status":"closed","ping_status":"closed","sticky":false,"template":"","format":"standard","meta":{"footnotes":""},"categories":[247,188],"tags":[],"class_list":["post-16912","post","type-post","status-publish","format-standard","has-post-thumbnail","hentry","category-press-en","category-press"],"yoast_head":"<!-- This site is optimized with the Yoast SEO plugin v26.2 - https:\/\/yoast.com\/wordpress\/plugins\/seo\/ -->\n<title>Paths to the Discovery of Amerino Tipico: Stroll among the centuries-old olive groves of Rajo with tasting.<\/title>\n<meta name=\"description\" content=\"Appointment to discover the typical taste of Amerino on Sunday, November 19th, with a walk among the centuries-old olive groves of Rajo and tasting in Montecampano.\" \/>\n<meta name=\"robots\" content=\"index, follow, max-snippet:-1, max-image-preview:large, max-video-preview:-1\" \/>\n<link rel=\"canonical\" href=\"https:\/\/www.amerinotipico.it\/en\/pathways-to-the-discovery-of-amerino-tipico-walk-through-the-centuries-old-olive-groves-of-rajo-with-tasting\/\" \/>\n<meta property=\"og:locale\" content=\"en_US\" \/>\n<meta property=\"og:type\" content=\"article\" \/>\n<meta property=\"og:title\" content=\"Paths to the Discovery of Amerino Tipico: Stroll among the centuries-old olive groves of Rajo with tasting.\" \/>\n<meta property=\"og:description\" content=\"Appointment to discover the typical taste of Amerino on Sunday, November 19th, with a walk among the centuries-old olive groves of Rajo and tasting in Montecampano.\" \/>\n<meta property=\"og:url\" content=\"https:\/\/www.amerinotipico.it\/en\/pathways-to-the-discovery-of-amerino-tipico-walk-through-the-centuries-old-olive-groves-of-rajo-with-tasting\/\" \/>\n<meta property=\"og:site_name\" content=\"Amerino Tipico\" \/>\n<meta property=\"article:publisher\" content=\"https:\/\/www.facebook.com\/AmerinoTipico\" \/>\n<meta property=\"article:published_time\" content=\"2023-11-09T10:30:37+00:00\" \/>\n<meta property=\"article:modified_time\" content=\"2025-02-10T09:23:52+00:00\" \/>\n<meta property=\"og:image\" content=\"https:\/\/www.amerinotipico.it\/wp-content\/uploads\/2023\/11\/olive.jpg\" \/>\n\t<meta property=\"og:image:width\" content=\"1200\" \/>\n\t<meta property=\"og:image:height\" content=\"1600\" \/>\n\t<meta property=\"og:image:type\" content=\"image\/jpeg\" \/>\n<meta name=\"author\" content=\"greenconsulting\" \/>\n<meta name=\"twitter:card\" content=\"summary_large_image\" \/>\n<meta name=\"twitter:label1\" content=\"Written by\" \/>\n\t<meta name=\"twitter:data1\" content=\"greenconsulting\" \/>\n\t<meta name=\"twitter:label2\" content=\"Est. reading time\" \/>\n\t<meta name=\"twitter:data2\" content=\"3 minutes\" \/>\n<script type=\"application\/ld+json\" class=\"yoast-schema-graph\">{\"@context\":\"https:\/\/schema.org\",\"@graph\":[{\"@type\":\"Article\",\"@id\":\"https:\/\/www.amerinotipico.it\/en\/pathways-to-the-discovery-of-amerino-tipico-walk-through-the-centuries-old-olive-groves-of-rajo-with-tasting\/#article\",\"isPartOf\":{\"@id\":\"https:\/\/www.amerinotipico.it\/en\/pathways-to-the-discovery-of-amerino-tipico-walk-through-the-centuries-old-olive-groves-of-rajo-with-tasting\/\"},\"author\":{\"name\":\"greenconsulting\",\"@id\":\"https:\/\/www.amerinotipico.it\/en\/#\/schema\/person\/10daf2015783bedd3da8ebe2c2629f69\"},\"headline\":\"Pathways to the Discovery of Amerino Tipico: Walk through the centuries-old olive groves of Rajo with tasting\",\"datePublished\":\"2023-11-09T10:30:37+00:00\",\"dateModified\":\"2025-02-10T09:23:52+00:00\",\"mainEntityOfPage\":{\"@id\":\"https:\/\/www.amerinotipico.it\/en\/pathways-to-the-discovery-of-amerino-tipico-walk-through-the-centuries-old-olive-groves-of-rajo-with-tasting\/\"},\"wordCount\":341,\"publisher\":{\"@id\":\"https:\/\/www.amerinotipico.it\/en\/#organization\"},\"image\":{\"@id\":\"https:\/\/www.amerinotipico.it\/en\/pathways-to-the-discovery-of-amerino-tipico-walk-through-the-centuries-old-olive-groves-of-rajo-with-tasting\/#primaryimage\"},\"thumbnailUrl\":\"https:\/\/www.amerinotipico.it\/wp-content\/uploads\/2023\/11\/olive.jpg\",\"articleSection\":[\"Press\",\"Press\"],\"inLanguage\":\"en-US\"},{\"@type\":\"WebPage\",\"@id\":\"https:\/\/www.amerinotipico.it\/en\/pathways-to-the-discovery-of-amerino-tipico-walk-through-the-centuries-old-olive-groves-of-rajo-with-tasting\/\",\"url\":\"https:\/\/www.amerinotipico.it\/en\/pathways-to-the-discovery-of-amerino-tipico-walk-through-the-centuries-old-olive-groves-of-rajo-with-tasting\/\",\"name\":\"Paths to the Discovery of Amerino Tipico: Stroll among the centuries-old olive groves of Rajo with tasting.\",\"isPartOf\":{\"@id\":\"https:\/\/www.amerinotipico.it\/en\/#website\"},\"primaryImageOfPage\":{\"@id\":\"https:\/\/www.amerinotipico.it\/en\/pathways-to-the-discovery-of-amerino-tipico-walk-through-the-centuries-old-olive-groves-of-rajo-with-tasting\/#primaryimage\"},\"image\":{\"@id\":\"https:\/\/www.amerinotipico.it\/en\/pathways-to-the-discovery-of-amerino-tipico-walk-through-the-centuries-old-olive-groves-of-rajo-with-tasting\/#primaryimage\"},\"thumbnailUrl\":\"https:\/\/www.amerinotipico.it\/wp-content\/uploads\/2023\/11\/olive.jpg\",\"datePublished\":\"2023-11-09T10:30:37+00:00\",\"dateModified\":\"2025-02-10T09:23:52+00:00\",\"description\":\"Appointment to discover the typical taste of Amerino on Sunday, November 19th, with a walk among the centuries-old olive groves of Rajo and tasting in Montecampano.\",\"breadcrumb\":{\"@id\":\"https:\/\/www.amerinotipico.it\/en\/pathways-to-the-discovery-of-amerino-tipico-walk-through-the-centuries-old-olive-groves-of-rajo-with-tasting\/#breadcrumb\"},\"inLanguage\":\"en-US\",\"potentialAction\":[{\"@type\":\"ReadAction\",\"target\":[\"https:\/\/www.amerinotipico.it\/en\/pathways-to-the-discovery-of-amerino-tipico-walk-through-the-centuries-old-olive-groves-of-rajo-with-tasting\/\"]}]},{\"@type\":\"ImageObject\",\"inLanguage\":\"en-US\",\"@id\":\"https:\/\/www.amerinotipico.it\/en\/pathways-to-the-discovery-of-amerino-tipico-walk-through-the-centuries-old-olive-groves-of-rajo-with-tasting\/#primaryimage\",\"url\":\"https:\/\/www.amerinotipico.it\/wp-content\/uploads\/2023\/11\/olive.jpg\",\"contentUrl\":\"https:\/\/www.amerinotipico.it\/wp-content\/uploads\/2023\/11\/olive.jpg\",\"width\":1200,\"height\":1600,\"caption\":\"Olivo con olivas\"},{\"@type\":\"BreadcrumbList\",\"@id\":\"https:\/\/www.amerinotipico.it\/en\/pathways-to-the-discovery-of-amerino-tipico-walk-through-the-centuries-old-olive-groves-of-rajo-with-tasting\/#breadcrumb\",\"itemListElement\":[{\"@type\":\"ListItem\",\"position\":1,\"name\":\"Home\",\"item\":\"https:\/\/www.amerinotipico.it\/en\/\"},{\"@type\":\"ListItem\",\"position\":2,\"name\":\"Pathways to the Discovery of Amerino Tipico: Walk through the centuries-old olive groves of Rajo with tasting\"}]},{\"@type\":\"WebSite\",\"@id\":\"https:\/\/www.amerinotipico.it\/en\/#website\",\"url\":\"https:\/\/www.amerinotipico.it\/en\/\",\"name\":\"Amerino Tipico\",\"description\":\"\",\"publisher\":{\"@id\":\"https:\/\/www.amerinotipico.it\/en\/#organization\"},\"potentialAction\":[{\"@type\":\"SearchAction\",\"target\":{\"@type\":\"EntryPoint\",\"urlTemplate\":\"https:\/\/www.amerinotipico.it\/en\/?s={search_term_string}\"},\"query-input\":{\"@type\":\"PropertyValueSpecification\",\"valueRequired\":true,\"valueName\":\"search_term_string\"}}],\"inLanguage\":\"en-US\"},{\"@type\":\"Organization\",\"@id\":\"https:\/\/www.amerinotipico.it\/en\/#organization\",\"name\":\"Amerino Tipico\",\"url\":\"https:\/\/www.amerinotipico.it\/en\/\",\"logo\":{\"@type\":\"ImageObject\",\"inLanguage\":\"en-US\",\"@id\":\"https:\/\/www.amerinotipico.it\/en\/#\/schema\/logo\/image\/\",\"url\":\"https:\/\/www.amerinotipico.it\/wp-content\/uploads\/2023\/01\/Amerino-Tipico-black.png\",\"contentUrl\":\"https:\/\/www.amerinotipico.it\/wp-content\/uploads\/2023\/01\/Amerino-Tipico-black.png\",\"width\":500,\"height\":274,\"caption\":\"Amerino Tipico\"},\"image\":{\"@id\":\"https:\/\/www.amerinotipico.it\/en\/#\/schema\/logo\/image\/\"},\"sameAs\":[\"https:\/\/www.facebook.com\/AmerinoTipico\"]},{\"@type\":\"Person\",\"@id\":\"https:\/\/www.amerinotipico.it\/en\/#\/schema\/person\/10daf2015783bedd3da8ebe2c2629f69\",\"name\":\"greenconsulting\",\"image\":{\"@type\":\"ImageObject\",\"inLanguage\":\"en-US\",\"@id\":\"https:\/\/www.amerinotipico.it\/en\/#\/schema\/person\/image\/\",\"url\":\"https:\/\/secure.gravatar.com\/avatar\/5fb5a4ac3b7fec279ebd6dc0880491cbcd7c799b455f284f461283287f264119?s=96&d=mm&r=g\",\"contentUrl\":\"https:\/\/secure.gravatar.com\/avatar\/5fb5a4ac3b7fec279ebd6dc0880491cbcd7c799b455f284f461283287f264119?s=96&d=mm&r=g\",\"caption\":\"greenconsulting\"},\"sameAs\":[\"http:\/\/www.amerinoumbria.it\"],\"url\":\"https:\/\/www.amerinotipico.it\/en\/author\/greenconsulting\/\"}]}<\/script>\n<!-- \/ Yoast SEO plugin. -->","yoast_head_json":{"title":"Paths to the Discovery of Amerino Tipico: Stroll among the centuries-old olive groves of Rajo with tasting.","description":"Appointment to discover the typical taste of Amerino on Sunday, November 19th, with a walk among the centuries-old olive groves of Rajo and tasting in Montecampano.","robots":{"index":"index","follow":"follow","max-snippet":"max-snippet:-1","max-image-preview":"max-image-preview:large","max-video-preview":"max-video-preview:-1"},"canonical":"https:\/\/www.amerinotipico.it\/en\/pathways-to-the-discovery-of-amerino-tipico-walk-through-the-centuries-old-olive-groves-of-rajo-with-tasting\/","og_locale":"en_US","og_type":"article","og_title":"Paths to the Discovery of Amerino Tipico: Stroll among the centuries-old olive groves of Rajo with tasting.","og_description":"Appointment to discover the typical taste of Amerino on Sunday, November 19th, with a walk among the centuries-old olive groves of Rajo and tasting in Montecampano.","og_url":"https:\/\/www.amerinotipico.it\/en\/pathways-to-the-discovery-of-amerino-tipico-walk-through-the-centuries-old-olive-groves-of-rajo-with-tasting\/","og_site_name":"Amerino Tipico","article_publisher":"https:\/\/www.facebook.com\/AmerinoTipico","article_published_time":"2023-11-09T10:30:37+00:00","article_modified_time":"2025-02-10T09:23:52+00:00","og_image":[{"width":1200,"height":1600,"url":"https:\/\/www.amerinotipico.it\/wp-content\/uploads\/2023\/11\/olive.jpg","type":"image\/jpeg"}],"author":"greenconsulting","twitter_card":"summary_large_image","twitter_misc":{"Written by":"greenconsulting","Est. reading time":"3 minutes"},"schema":{"@context":"https:\/\/schema.org","@graph":[{"@type":"Article","@id":"https:\/\/www.amerinotipico.it\/en\/pathways-to-the-discovery-of-amerino-tipico-walk-through-the-centuries-old-olive-groves-of-rajo-with-tasting\/#article","isPartOf":{"@id":"https:\/\/www.amerinotipico.it\/en\/pathways-to-the-discovery-of-amerino-tipico-walk-through-the-centuries-old-olive-groves-of-rajo-with-tasting\/"},"author":{"name":"greenconsulting","@id":"https:\/\/www.amerinotipico.it\/en\/#\/schema\/person\/10daf2015783bedd3da8ebe2c2629f69"},"headline":"Pathways to the Discovery of Amerino Tipico: Walk through the centuries-old olive groves of Rajo with tasting","datePublished":"2023-11-09T10:30:37+00:00","dateModified":"2025-02-10T09:23:52+00:00","mainEntityOfPage":{"@id":"https:\/\/www.amerinotipico.it\/en\/pathways-to-the-discovery-of-amerino-tipico-walk-through-the-centuries-old-olive-groves-of-rajo-with-tasting\/"},"wordCount":341,"publisher":{"@id":"https:\/\/www.amerinotipico.it\/en\/#organization"},"image":{"@id":"https:\/\/www.amerinotipico.it\/en\/pathways-to-the-discovery-of-amerino-tipico-walk-through-the-centuries-old-olive-groves-of-rajo-with-tasting\/#primaryimage"},"thumbnailUrl":"https:\/\/www.amerinotipico.it\/wp-content\/uploads\/2023\/11\/olive.jpg","articleSection":["Press","Press"],"inLanguage":"en-US"},{"@type":"WebPage","@id":"https:\/\/www.amerinotipico.it\/en\/pathways-to-the-discovery-of-amerino-tipico-walk-through-the-centuries-old-olive-groves-of-rajo-with-tasting\/","url":"https:\/\/www.amerinotipico.it\/en\/pathways-to-the-discovery-of-amerino-tipico-walk-through-the-centuries-old-olive-groves-of-rajo-with-tasting\/","name":"Paths to the Discovery of Amerino Tipico: Stroll among the centuries-old olive groves of Rajo with tasting.","isPartOf":{"@id":"https:\/\/www.amerinotipico.it\/en\/#website"},"primaryImageOfPage":{"@id":"https:\/\/www.amerinotipico.it\/en\/pathways-to-the-discovery-of-amerino-tipico-walk-through-the-centuries-old-olive-groves-of-rajo-with-tasting\/#primaryimage"},"image":{"@id":"https:\/\/www.amerinotipico.it\/en\/pathways-to-the-discovery-of-amerino-tipico-walk-through-the-centuries-old-olive-groves-of-rajo-with-tasting\/#primaryimage"},"thumbnailUrl":"https:\/\/www.amerinotipico.it\/wp-content\/uploads\/2023\/11\/olive.jpg","datePublished":"2023-11-09T10:30:37+00:00","dateModified":"2025-02-10T09:23:52+00:00","description":"Appointment to discover the typical taste of Amerino on Sunday, November 19th, with a walk among the centuries-old olive groves of Rajo and tasting in Montecampano.","breadcrumb":{"@id":"https:\/\/www.amerinotipico.it\/en\/pathways-to-the-discovery-of-amerino-tipico-walk-through-the-centuries-old-olive-groves-of-rajo-with-tasting\/#breadcrumb"},"inLanguage":"en-US","potentialAction":[{"@type":"ReadAction","target":["https:\/\/www.amerinotipico.it\/en\/pathways-to-the-discovery-of-amerino-tipico-walk-through-the-centuries-old-olive-groves-of-rajo-with-tasting\/"]}]},{"@type":"ImageObject","inLanguage":"en-US","@id":"https:\/\/www.amerinotipico.it\/en\/pathways-to-the-discovery-of-amerino-tipico-walk-through-the-centuries-old-olive-groves-of-rajo-with-tasting\/#primaryimage","url":"https:\/\/www.amerinotipico.it\/wp-content\/uploads\/2023\/11\/olive.jpg","contentUrl":"https:\/\/www.amerinotipico.it\/wp-content\/uploads\/2023\/11\/olive.jpg","width":1200,"height":1600,"caption":"Olivo con olivas"},{"@type":"BreadcrumbList","@id":"https:\/\/www.amerinotipico.it\/en\/pathways-to-the-discovery-of-amerino-tipico-walk-through-the-centuries-old-olive-groves-of-rajo-with-tasting\/#breadcrumb","itemListElement":[{"@type":"ListItem","position":1,"name":"Home","item":"https:\/\/www.amerinotipico.it\/en\/"},{"@type":"ListItem","position":2,"name":"Pathways to the Discovery of Amerino Tipico: Walk through the centuries-old olive groves of Rajo with tasting"}]},{"@type":"WebSite","@id":"https:\/\/www.amerinotipico.it\/en\/#website","url":"https:\/\/www.amerinotipico.it\/en\/","name":"Amerino Tipico","description":"","publisher":{"@id":"https:\/\/www.amerinotipico.it\/en\/#organization"},"potentialAction":[{"@type":"SearchAction","target":{"@type":"EntryPoint","urlTemplate":"https:\/\/www.amerinotipico.it\/en\/?s={search_term_string}"},"query-input":{"@type":"PropertyValueSpecification","valueRequired":true,"valueName":"search_term_string"}}],"inLanguage":"en-US"},{"@type":"Organization","@id":"https:\/\/www.amerinotipico.it\/en\/#organization","name":"Amerino Tipico","url":"https:\/\/www.amerinotipico.it\/en\/","logo":{"@type":"ImageObject","inLanguage":"en-US","@id":"https:\/\/www.amerinotipico.it\/en\/#\/schema\/logo\/image\/","url":"https:\/\/www.amerinotipico.it\/wp-content\/uploads\/2023\/01\/Amerino-Tipico-black.png","contentUrl":"https:\/\/www.amerinotipico.it\/wp-content\/uploads\/2023\/01\/Amerino-Tipico-black.png","width":500,"height":274,"caption":"Amerino Tipico"},"image":{"@id":"https:\/\/www.amerinotipico.it\/en\/#\/schema\/logo\/image\/"},"sameAs":["https:\/\/www.facebook.com\/AmerinoTipico"]},{"@type":"Person","@id":"https:\/\/www.amerinotipico.it\/en\/#\/schema\/person\/10daf2015783bedd3da8ebe2c2629f69","name":"greenconsulting","image":{"@type":"ImageObject","inLanguage":"en-US","@id":"https:\/\/www.amerinotipico.it\/en\/#\/schema\/person\/image\/","url":"https:\/\/secure.gravatar.com\/avatar\/5fb5a4ac3b7fec279ebd6dc0880491cbcd7c799b455f284f461283287f264119?s=96&d=mm&r=g","contentUrl":"https:\/\/secure.gravatar.com\/avatar\/5fb5a4ac3b7fec279ebd6dc0880491cbcd7c799b455f284f461283287f264119?s=96&d=mm&r=g","caption":"greenconsulting"},"sameAs":["http:\/\/www.amerinoumbria.it"],"url":"https:\/\/www.amerinotipico.it\/en\/author\/greenconsulting\/"}]}},"featured_media_url":"https:\/\/www.amerinotipico.it\/wp-content\/uploads\/2023\/11\/olive.jpg","_links":{"self":[{"href":"https:\/\/www.amerinotipico.it\/en\/wp-json\/wp\/v2\/posts\/16912","targetHints":{"allow":["GET"]}}],"collection":[{"href":"https:\/\/www.amerinotipico.it\/en\/wp-json\/wp\/v2\/posts"}],"about":[{"href":"https:\/\/www.amerinotipico.it\/en\/wp-json\/wp\/v2\/types\/post"}],"author":[{"embeddable":true,"href":"https:\/\/www.amerinotipico.it\/en\/wp-json\/wp\/v2\/users\/1"}],"replies":[{"embeddable":true,"href":"https:\/\/www.amerinotipico.it\/en\/wp-json\/wp\/v2\/comments?post=16912"}],"version-history":[{"count":15,"href":"https:\/\/www.amerinotipico.it\/en\/wp-json\/wp\/v2\/posts\/16912\/revisions"}],"predecessor-version":[{"id":17653,"href":"https:\/\/www.amerinotipico.it\/en\/wp-json\/wp\/v2\/posts\/16912\/revisions\/17653"}],"wp:featuredmedia":[{"embeddable":true,"href":"https:\/\/www.amerinotipico.it\/en\/wp-json\/wp\/v2\/media\/16725"}],"wp:attachment":[{"href":"https:\/\/www.amerinotipico.it\/en\/wp-json\/wp\/v2\/media?parent=16912"}],"wp:term":[{"taxonomy":"category","embeddable":true,"href":"https:\/\/www.amerinotipico.it\/en\/wp-json\/wp\/v2\/categories?post=16912"},{"taxonomy":"post_tag","embeddable":true,"href":"https:\/\/www.amerinotipico.it\/en\/wp-json\/wp\/v2\/tags?post=16912"}],"curies":[{"name":"wp","href":"https:\/\/api.w.org\/{rel}","templated":true}]}}